{"id":118,"date":"2022-01-03T06:43:00","date_gmt":"2022-01-03T05:43:00","guid":{"rendered":"http:\/\/eglisedugolfe.fr\/?p=118"},"modified":"2023-03-10T06:56:00","modified_gmt":"2023-03-10T05:56:00","slug":"2022-annee-normale-annee-speciale-1","status":"publish","type":"post","link":"http:\/\/eglisedugolfe.fr\/index.php\/2022\/01\/03\/2022-annee-normale-annee-speciale-1\/","title":{"rendered":"2022 ann\u00e9e normale, ann\u00e9e sp\u00e9ciale ?"},"content":{"rendered":"\n<p><strong>Lucien Vivier \u00e9crivit un jour cette anecdote : <\/strong>Au printemps 2007, le roi du Maroc a rendu visite \u00e0 un maire, sans s\u2019annoncer. Le maire n\u2019\u00e9tait pas dans son bureau. Le roi a alors essay\u00e9 de le joindre, lui demandant o\u00f9 il \u00e9tait. Le maire r\u00e9pondit qu\u2019il \u00e9tait occup\u00e9 dans son bureau, ce qui lui a valu d\u2019\u00eatre cong\u00e9di\u00e9 imm\u00e9diatement !<\/p>\n\n\n\n<p>Le roi s\u2019est rendu aussi, sans pr\u00e9venir, dans un foyer pour enfants. Le personnel, pris par surprise, a tout fait pour montrer au roi les beaux c\u00f4t\u00e9s de la maison. Mais le souverain a d\u00e9sir\u00e9 jeter un coup d\u2019\u0153il aux endroits que l\u2019on ne voulait pas lui montrer. Il a ainsi d\u00e9- couvert des pi\u00e8ces sales, mal a\u00e9r\u00e9es. Certains enfants \u00e9taient n\u00e9glig\u00e9s et vivaient dans de telles conditions d\u2019hygi\u00e8ne que le roi a fait compara\u00eetre les employ\u00e9s du foyer devant la justice, pour que soient d\u00e9nonc\u00e9s tous les abus.<\/p>\n\n\n\n<p>J\u00e9sus-Christ est venu sur notre terre, il a donn\u00e9 sa vie pour nous sauver, il est ressuscit\u00e9, puis il est remont\u00e9 au ciel. Mais il a promis de revenir un jour et l\u00e0, personne ne pourra se cacher, ni cacher ses actes. Les morts ressusciteront et, avec les enfants de Dieu en- core vivants \u00e0 cette \u00e9poque, ils iront \u00e0 la rencontre de J\u00e9sus-Christ et vivront pour toujours dans la pr\u00e9sence de Dieu. Toutefois, seuls ceux qui reconnaissent en J\u00e9sus leur Sauveur, leur Seigneur et qui auront pers\u00e9v\u00e9r\u00e9 dans la marche avec Christ jusqu\u2019au bout seront de la f\u00eate. Les autres ne se retrouveront pas devant un Sauveur, mais devant leur juge.<\/p>\n\n\n\n<p>Nous ne connaissons pas la date de cet \u00e9v\u00e9nement, mais il va se produire, car Dieu accomplit ce qu\u2019il promet. Pour les chr\u00e9tiens du monde entier et de tous les temps, le retour de J\u00e9sus-Christ sera le plus beau de tous les jours.<\/p>\n\n\n\n<p>Cette anecdote, au commencement de cette nouvelle ann\u00e9e, a pour but de nous faire r\u00e9fl\u00e9chir&#8230; 2021 s\u2019en est all\u00e9e, nous voici \u00e0 l\u2019aube de l\u2019ann\u00e9e 2022. Si l\u2019ann\u00e9e 2021 \u00e9tait encore marqu\u00e9e par la pand\u00e9mie, l\u2019ann\u00e9e 2022 ne sera pas, d\u2019apr\u00e8s les \u00ab experts \u00bb, si diff\u00e9rente de la pr\u00e9c\u00e9dente concernant ce COVID19, \u00e0 moins que dans sa souverainet\u00e9, Dieu dise stop \u00e0 cette pand\u00e9mie.<\/p>\n\n\n\n<p>Dans cette m\u00e9ditation, je ne parlerai pas de la pand\u00e9mie, car il y a comme une \u00ab overdose \u00bb d\u2019informations&#8230;.<br>Mais, je d\u00e9sire, en ce d\u00e9but d\u2019ann\u00e9e 2022, vous encourager \u00e0 fixer vos yeux vers le Seigneur qui vient.<br>Je ne sais pas pour vous, mais en ce qui me concerne, j\u2019ai l\u2019impression, que le temps passe tr\u00e8s rapidement et pourtant, les journ\u00e9es sont toujours compos\u00e9es de 24 heures.<\/p>\n\n\n\n<p>Mais il me semble aussi que les \u00e9v\u00e8nements internationaux concernant les signes qui pr\u00e9c\u00e9dent le retour de notre Seigneur bien-aim\u00e9 se d\u00e9roulent \u00e0 une vitesse vertigineuse (les menaces de l\u2019Iran contre Isra\u00ebl et leur essai de lancement de missiles balistiques ; le lobby LGBT de plus en plus \u00ab omnipr\u00e9sent et impos\u00e9 \u00bb dans toutes les strates de la soci\u00e9t\u00e9 ; le scandaleux vote de la France en faveur d\u2019une r\u00e9solution de l\u2019ONU sur J\u00e9rusalem qui pr\u00e9conise, selon eux, de d\u00e9signer le site de \u00ab l\u2019esplanade des Mosqu\u00e9es \u00bb uniquement par sa d\u00e9nomination arabe, en omettant la terminologie juive de \u00ab mont du Temple \u00bb, ce qui en fait maintenant un lieu saint de l\u2019Islam ; le rallongement de l\u2019avortement \u00e0 14 semaines o\u00f9 le foetus suce son pouce, r\u00e9agit aux stimuli&#8230; ; le pass sanitaire ou pass vaccinal en forme de puce sous la peau en Su\u00e8de, adopt\u00e9 par des milliers de su\u00e9dois mais qui, \u00e0 mon avis, s\u2019\u00e9tendra petit \u00e0 petit mais rapidement \u00e0 tout l\u2019Occident, puis au monde entier pour y mettre beaucoup plus d\u2019informations que le \u00ab pass sanitaire \u00bb&#8230; ; des bruits de guerre (la Russie et la Chine sont particuli\u00e8rement surveill\u00e9es)&#8230;Bref, toutes ces choses sont comme des contractions de la femme enceinte s\u2019amplifiant jusqu\u2019\u00e0 la d\u00e9livrance.<\/p>\n\n\n\n<p>Les Ecritures ne donnent pas de date du retour du Seigneur mais J\u00e9sus, \u00e0 deux reprises, dans le contexte des signes pr\u00e9c\u00e9dant son retour pour l\u2019enl\u00e8vement de l\u2019Eglise, son \u00e9pouse, fait allusion aux douleurs de l\u2019enfantement comme \u00e9tant n\u00e9cessaires pour son av\u00e8nement dans <strong>Matthieu 24 v 8 et Marc 13 v 8 <\/strong>: \u00ab Ce ne sera que le commencement des douleurs \u00bb Paul en fait mention aussi dans <strong>1 Thessaloniciens 5 v 3 : \u00ab <\/strong>Lorsque les hommes se diront : \u00ab Maintenant r\u00e8gne la paix ! Maintenant nous sommes en s\u00e9curit\u00e9 ! \u00bb, pr\u00e9cis\u00e9ment alors, subite et impr\u00e9vue, la catastrophe fondra sur eux. Il en sera comme d\u2019une femme enceinte surprise par les douleurs, et aucun n\u2019\u00e9chappera. \u00bb<\/p>\n\n\n\n<p>Sommes-nous en ce temps de \u00ab contractions \u00bb ? \u00c0 l\u2019instar de plusieurs enseignants, commentateurs bibliques et certains coll\u00e8gues pasteurs, je pense que oui.<\/p>\n\n\n\n<p>Que faire ? Il me semble que nous avons trois choses \u00e0 faire et trois erreurs \u00e0 \u00e9viter&#8230;.<\/p>\n\n\n\n<p><strong>Une chose \u00e0 faire et une erreur \u00e0 ne pas commettre : <\/strong>Tout interpr\u00e9ter comme \u00e9tant un signe des derniers temps. La Bible demeure et reste toujours la r\u00e9f\u00e9rence et en ce qui concerne les signes des temps de la fin, elle est coh\u00e9rente.<\/p>\n\n\n\n<p><strong>Je me souviens, lorsque la Guerre du Golfe <\/strong>a \u00e9clat\u00e9 en ao\u00fbt 1990, beaucoup ont annonc\u00e9 que J\u00e9sus allait revenir d\u2019une fa\u00e7on imminente et que ce serait la 3\u00e8me Guerre Mondiale. Les \u00e9glises se remplissaient, car de tr\u00e8s nombreux \u00ab r\u00e9trogrades \u00bb revenaient par peur de ne pas \u00eatre pris par le Seigneur&#8230; J\u00e9sus n\u2019est pas revenu chercher son \u00e9glise, la Guerre du Golfe s\u2019est termin\u00e9e en fin f\u00e9vrier 1991 et les \u00ab r\u00e9trogrades \u00bb sont de nouveau repartis. Mais cette Guerre du Golfe est un petit exemple de ce qui passera au Moyen- Orient et qui impactera le monde entier en vue de la destruction d\u2019Isra\u00ebl.<\/p>\n\n\n\n<p><strong>Puis il y a eu le 11 septembre 2001 : <\/strong>plusieurs proclamaient \u00e0 qui voulait l\u2019entendre que les attaques terroristes de ce jour-l\u00e0, et en particulier la destruction des \u00ab twin Towers \u00bb, \u00e9tait l\u2019accomplissement de la proph\u00e9tie d\u2019Apocalypse 18 (la chute et la destruction de Babylone).<br>Il est vrai que l\u2019on pourrait faire un rapprochement mais ce n\u2019\u00e9tait pas la destruction de New-York, ni du monde des affaires&#8230; On pensait aussi que le retour de J\u00e9sus \u00e9tait imminent.<\/p>\n\n\n\n<p>Mais ce qui s\u2019est pass\u00e9 \u00e0 New-York, le 11 septembre 2001, \u00e9tait le pr\u00e9lude d\u2019\u00e9v\u00e8nements futurs mais d\u2019une plus grande ampleur.<\/p>\n\n\n\n<p><strong>Puis, il y a eu le vaccin anti-covid 19 <\/strong>: Qu\u2019est-ce que l\u2019on n\u2019a pas entendu et lu concernant ce ou ces vaccins&#8230; et notamment, que ce vaccin, en particulier avec l\u2019ARN, serait la marque de la b\u00eate&#8230; Mais, il faut quand m\u00eame le souligner, ce qui se passe aujourd\u2019hui pr\u00e9pare la soumission des nations \u00e0 la future domination de l\u2019ant\u00e9christ. Le pass sanitaire qui devient le pass vaccinal &#8211; qui n\u2019oblige personne \u00e0 \u00ab adorer \u00bb une entit\u00e9, qui ne nous interdit pas de c\u00e9l\u00e9brer le Seigneur dans nos lieux de rassemblement etc., est le pr\u00e9lude de ce que sera, plus tard, la marque de la b\u00eate qui aura des cons\u00e9quences sur la vie des \u00ab r\u00e9fractaires \u00bb, qui n\u2019auront plus d\u2019existence sociale, professionnelle&#8230; et des cons\u00e9quences sur la foi en Christ, qui deviendra hors la loi : \u00ab Et elle fit (le faux-proph\u00e8te) que tous, petits et grands, riches et pauvres, libres et esclaves, re\u00e7ussent une marque sur leur main droite ou sur leur front, et que personne ne p\u00fbt acheter ni vendre, sans avoir la marque, le nom de la b\u00eate (l\u2019ant\u00e9christ) ou le nombre de son nom. C&rsquo;est ici la sagesse. Que celui qui a de l&rsquo;intelligence calcule le nombre de la b\u00eate. Car c&rsquo;est un nombre d&rsquo;homme, et son nombre est six cent soixante-six. \u00bb <strong>Apoca- lypse 13 v 16 \u00e0 18 <\/strong>(merci de lire tout le chapitre pour mieux comprendre).<\/p>\n\n\n\n<p>Mes fr\u00e8res et soeurs, on s\u2019en approche \u00e0 grande vitesse car cette pand\u00e9mie est l\u2019un des outils pour installer le futur gouvernement mondial.<\/p>\n\n\n\n<p>Ces \u00e9v\u00e8nements que je viens de citer font partie de ces contractions qui s\u2019amplifient au fur et \u00e0 mesure des accomplissements des signes des temps, qui se d\u00e9roulent et se d\u00e9rouleront encore devant nos yeux.<br><strong>Donc, gardons la t\u00eate froide, ne tombons pas dans les sp\u00e9culations hasardeuses, analysons les \u00ab signes \u00bb au regard de la Parole de Dieu, de leur accomplissement et de leur coh\u00e9rence d&rsquo;un point de vue eschatologique. <\/strong>Voil\u00e0 une chose \u00e0 faire et une erreur \u00e0 ne pas faire.<\/p>\n\n\n\n<p class=\"has-text-align-right\"><em>Pasteur Bernhard Freude<\/em><\/p>\n","protected":false},"excerpt":{"rendered":"<p>Lucien Vivier \u00e9crivit un jour cette anecdote : Au printemps 2007, le roi du Maroc a rendu visite \u00e0 un maire, sans s\u2019annoncer. Le maire n\u2019\u00e9tait pas dans son bureau. Le roi a alors essay\u00e9 de le joindre, lui demandant o\u00f9 il \u00e9tait. Le maire r\u00e9pondit qu\u2019il \u00e9tait occup\u00e9 dans son bureau, ce qui lui [&hellip;]<\/p>\n","protected":false},"author":1,"featured_media":119,"comment_status":"open","ping_status":"open","sticky":false,"template":"","format":"standard","meta":{"footnotes":""},"categories":[1],"tags":[],"class_list":["post-118","post","type-post","status-publish","format-standard","has-post-thumbnail","hentry","category-non-classe"],"_links":{"self":[{"href":"http:\/\/eglisedugolfe.fr\/index.php\/wp-json\/wp\/v2\/posts\/118","targetHints":{"allow":["GET"]}}],"collection":[{"href":"http:\/\/eglisedugolfe.fr\/index.php\/wp-json\/wp\/v2\/posts"}],"about":[{"href":"http:\/\/eglisedugolfe.fr\/index.php\/wp-json\/wp\/v2\/types\/post"}],"author":[{"embeddable":true,"href":"http:\/\/eglisedugolfe.fr\/index.php\/wp-json\/wp\/v2\/users\/1"}],"replies":[{"embeddable":true,"href":"http:\/\/eglisedugolfe.fr\/index.php\/wp-json\/wp\/v2\/comments?post=118"}],"version-history":[{"count":3,"href":"http:\/\/eglisedugolfe.fr\/index.php\/wp-json\/wp\/v2\/posts\/118\/revisions"}],"predecessor-version":[{"id":123,"href":"http:\/\/eglisedugolfe.fr\/index.php\/wp-json\/wp\/v2\/posts\/118\/revisions\/123"}],"wp:featuredmedia":[{"embeddable":true,"href":"http:\/\/eglisedugolfe.fr\/index.php\/wp-json\/wp\/v2\/media\/119"}],"wp:attachment":[{"href":"http:\/\/eglisedugolfe.fr\/index.php\/wp-json\/wp\/v2\/media?parent=118"}],"wp:term":[{"taxonomy":"category","embeddable":true,"href":"http:\/\/eglisedugolfe.fr\/index.php\/wp-json\/wp\/v2\/categories?post=118"},{"taxonomy":"post_tag","embeddable":true,"href":"http:\/\/eglisedugolfe.fr\/index.php\/wp-json\/wp\/v2\/tags?post=118"}],"curies":[{"name":"wp","href":"https:\/\/api.w.org\/{rel}","templated":true}]}}